{"id":1452,"date":"2023-08-22T14:28:02","date_gmt":"2023-08-22T12:28:02","guid":{"rendered":"http:\/\/judo.btc.pl\/?p=1452"},"modified":"2023-08-22T14:50:05","modified_gmt":"2023-08-22T12:50:05","slug":"zaczynamy-treningi-2","status":"publish","type":"post","link":"https:\/\/judo.btc.pl\/?p=1452","title":{"rendered":"Zaczynamy TRENINGI !!!"},"content":{"rendered":"<p><span style=\"color: #ff0000;\">Zaczynamy treningi !!!<\/span><\/p>\n<p>Treningi pr\u00f3bne wszystkich nowych zawodnik\u00f3w odb\u0119d\u0105 si\u0119 w siedzibie Klubu przy ul. Zegrzy\u0144skiej 15<\/p>\n<p><span style=\"color: #ff6600;\">Grupy 3 i 4<\/span>\u00a0&#8211; pierwszy trening 1.09.2023 o godz. 19.<br \/>\nKolejne treningi od 4.09.2023 wg. aktualnego <a href=\"https:\/\/judo.btc.pl\/?page_id=11\">grafiku<\/a><\/p>\n<p><span style=\"color: #ff6600;\">Grupa 5<\/span>\u00a0&#8211; pierwszy trening 31.08.2023 o godz. 18<br \/>\nKolejne treningi od 4.09.2023 wg. aktualnego <a href=\"https:\/\/judo.btc.pl\/?page_id=11\">grafiku<\/a><\/p>\n<p><span style=\"color: #ff6600;\">Grupa 6<\/span>\u00a0&#8211; pierwszy trening 31.08.2023 o godz. 19<br \/>\n<span style=\"font-weight: 300;\">Kolejne treningi od 4.09.2023 wg. aktualnego <a href=\"https:\/\/judo.btc.pl\/?page_id=11\">grafiku<\/a><\/span><\/p>\n<p><span style=\"color: #ff6600;\">Grupa 7<\/span>\u00a0&#8211; pierwszy trening 5.09.2023 o godz.\u00a020<br \/>\nKolejne treningi od 5.09.2023 wg. aktualnego <a href=\"https:\/\/judo.btc.pl\/?page_id=11\">grafiku<\/a><\/p>\n<p><span style=\"color: #ff6600;\">Grupy 8 i 9<\/span>\u00a0&#8211; pierwszy trening 31.08.2023 o godz. 17<br \/>\nKolejne treningi od 4.09.2023 wg. aktualnego <a href=\"https:\/\/judo.btc.pl\/?page_id=11\">grafiku<\/a><\/p>\n<p><span style=\"color: #ff6600;\">Grupy pocz\u0105tkuj\u0105ce (5-7 lat) 0; L1; S2<\/span>\u00a0&#8211; pierwszy trening pr\u00f3bny (bezp\u0142atny) 1.09.2023 o godz. 17.<br \/>\nKolejne treningi od 4.09.2023 wg. aktualnego <a href=\"https:\/\/judo.btc.pl\/?page_id=11\">grafiku<\/a><\/p>\n<p><span style=\"color: #ff6600;\">Grupy pocz\u0105tkuj\u0105ce (8-14 lat) 1; 2; L2; S3<\/span>\u00a0&#8211; pierwszy trening pr\u00f3bny (bezp\u0142atny) 1.09.2023 o godz. 18.<br \/>\nKolejne treningi od 4.09.2023 wg. aktualnego <a href=\"https:\/\/judo.btc.pl\/?page_id=11\">grafiku<\/a><\/p>\n","protected":false},"excerpt":{"rendered":"<p>Zaczynamy treningi !!! Treningi pr\u00f3bne wszystkich nowych zawodnik\u00f3w odb\u0119d\u0105 si\u0119 w siedzibie Klubu przy ul. Zegrzy\u0144skiej 15 Grupy 3 i 4\u00a0&#8211; pierwszy trening 1.09.2023 o godz. 19. Kolejne treningi od 4.09.2023 wg. aktualnego grafiku Grupa 5\u00a0&#8211; pierwszy trening 31.08.2023 o &hellip; <a href=\"https:\/\/judo.btc.pl\/?p=1452\">Czytaj dalej <span class=\"meta-nav\">&rarr;<\/span><\/a><\/p>\n","protected":false},"author":1,"featured_media":0,"comment_status":"closed","ping_status":"closed","sticky":false,"template":"","format":"standard","meta":{"footnotes":""},"categories":[1],"tags":[],"class_list":["post-1452","post","type-post","status-publish","format-standard","hentry","category-bez-kategorii"],"_links":{"self":[{"href":"https:\/\/judo.btc.pl\/index.php?rest_route=\/wp\/v2\/posts\/1452"}],"collection":[{"href":"https:\/\/judo.btc.pl\/index.php?rest_route=\/wp\/v2\/posts"}],"about":[{"href":"https:\/\/judo.btc.pl\/index.php?rest_route=\/wp\/v2\/types\/post"}],"author":[{"embeddable":true,"href":"https:\/\/judo.btc.pl\/index.php?rest_route=\/wp\/v2\/users\/1"}],"replies":[{"embeddable":true,"href":"https:\/\/judo.btc.pl\/index.php?rest_route=%2Fwp%2Fv2%2Fcomments&post=1452"}],"version-history":[{"count":4,"href":"https:\/\/judo.btc.pl\/index.php?rest_route=\/wp\/v2\/posts\/1452\/revisions"}],"predecessor-version":[{"id":1456,"href":"https:\/\/judo.btc.pl\/index.php?rest_route=\/wp\/v2\/posts\/1452\/revisions\/1456"}],"wp:attachment":[{"href":"https:\/\/judo.btc.pl\/index.php?rest_route=%2Fwp%2Fv2%2Fmedia&parent=1452"}],"wp:term":[{"taxonomy":"category","embeddable":true,"href":"https:\/\/judo.btc.pl\/index.php?rest_route=%2Fwp%2Fv2%2Fcategories&post=1452"},{"taxonomy":"post_tag","embeddable":true,"href":"https:\/\/judo.btc.pl\/index.php?rest_route=%2Fwp%2Fv2%2Ftags&post=1452"}],"curies":[{"name":"wp","href":"https:\/\/api.w.org\/{rel}","templated":true}]}}