{"id":1426,"date":"2023-07-20T13:50:45","date_gmt":"2023-07-20T11:50:45","guid":{"rendered":"http:\/\/judo.btc.pl\/?p=1426"},"modified":"2023-07-21T12:07:37","modified_gmt":"2023-07-21T10:07:37","slug":"wyjazd-na-oboz-do-kortowa-komunikat","status":"publish","type":"post","link":"https:\/\/judo.btc.pl\/?p=1426","title":{"rendered":"Wyjazd na ob\u00f3z do KORTOWA &#8211; Komunikat"},"content":{"rendered":"<p><strong>KOMUNIKAT<\/strong><\/p>\n<p><strong><u>OB\u00d3Z SPORTOWY\u00a0KORTOWO 2023<\/u><\/strong><\/p>\n<p>Do pobrania &#8211;\u00a0<a href=\"http:\/\/judo.btc.pl\/wp-content\/uploads\/2023\/07\/Karta-kwalifikacyjna-KORTOWO-2023.pdf\">Karta kwalifikacyjna KORTOWO 2023<\/a><\/p>\n<p><em>Miejsce pobytu:<\/em><\/p>\n<p><strong>Akademik Uniwersytetu Warmi\u0144sko-Mazurskiego<\/strong><strong>\u00a0w Olsztynie<\/strong><br \/>\n<em>ul. Czes\u0142awa Kanafojskiego 2<\/em><em><br \/>\n10-722 Olsztyn<\/em><\/p>\n<p><em>Dojazd PKP i BUS:<\/em><br \/>\nWyjazd\u00a0<strong>1.08.2023r.<\/strong>\u00a0<strong>PKP Legionowo &#8211; <span style=\"color: #ff0000;\">ZBI\u00d3RKA<\/span><\/strong><span style=\"color: #ff0000;\">\u00a0godz. <strong>9:30<\/strong><\/span>\u00a0(ODJAZD \u2013 10:10)<\/p>\n<p>Powr\u00f3t\u00a0<strong>12.08.2023r<\/strong>.\u00a0<strong>PKP<\/strong>\u00a0<strong>Legionowo<\/strong>\u00a0<strong>13:58<\/strong><\/p>\n<p>Dok\u0142adne informacje na temat godziny odjazdu b\u0119d\u0105 podane na stronie\u00a0<a href=\"http:\/\/www.facebook.com\/SAKANAklubjudo\">http:\/\/www.facebook.com\/SAKANAklubjudo<\/a><\/p>\n<p>lub telefonicznie po 15 lipca (600-051-061)<\/p>\n<p><em>Obowi\u0105zkowe wyposa\u017cenie dzieci:<\/em><\/p>\n<ul>\n<li><strong>dres sportowy x2<\/strong><\/li>\n<li><strong>obuwie sportowe x2\u00a0<\/strong>(inne ni\u017c do chodzenia na co dzie\u0144)<\/li>\n<li><strong>kr\u00f3tkie spodenki treningowe x2\u00a0<\/strong>(inne ni\u017c do chodzenia na co dzie\u0144)<\/li>\n<li><strong>koszulki treningowe x4\u00a0<\/strong>(inne ni\u017c do chodzenia na co dzie\u0144)<\/li>\n<li><strong>ortalion \u2013 kurtka przeciwdeszczowa<\/strong><\/li>\n<li><strong>bluza polar<\/strong><\/li>\n<li><strong>plecak\u00a0<\/strong>na niezb\u0119dne przybory podczas spacer\u00f3w i wycieczek<\/li>\n<li><strong>komplet k\u0105pielowy (klapki, r\u0119cznik, k\u0105piel\u00f3wki\/str\u00f3j, czepek)<\/strong><\/li>\n<li><strong>judoga &#8211; kimono<\/strong><\/li>\n<li><span style=\"color: #ff0000;\"><strong>legitymacja szkolna!!!(PODBITA NA 2023 ROK) &#8211; <span style=\"color: #000000;\">w razie braku bedzie naliczona dop\u0142ata do bilet\u00f3w<\/span><\/strong><\/span><\/li>\n<li><strong>ciep\u0142e ubrania<\/strong><\/li>\n<li><strong>bielizna i przybory osobiste<\/strong><\/li>\n<li><strong>kanapki na drog\u0119 (zaczynamy obiadem w dniu 1.08.2022r.)<\/strong><\/li>\n<\/ul>\n<p>Wp\u0142ata pozosta\u0142ej kwoty do\u00a0<u>10 lipca br.<\/u>\u00a0na konto KS SAKANA:<br \/>\nPKO BP: 10 1020 1026 0000 1602 0458 5453<\/p>\n","protected":false},"excerpt":{"rendered":"<p>KOMUNIKAT OB\u00d3Z SPORTOWY\u00a0KORTOWO 2023 Do pobrania &#8211;\u00a0Karta kwalifikacyjna KORTOWO 2023 Miejsce pobytu: Akademik Uniwersytetu Warmi\u0144sko-Mazurskiego\u00a0w Olsztynie ul. Czes\u0142awa Kanafojskiego 2 10-722 Olsztyn Dojazd PKP i BUS: Wyjazd\u00a01.08.2023r.\u00a0PKP Legionowo &#8211; ZBI\u00d3RKA\u00a0godz. 9:30\u00a0(ODJAZD \u2013 10:10) Powr\u00f3t\u00a012.08.2023r.\u00a0PKP\u00a0Legionowo\u00a013:58 Dok\u0142adne informacje na temat godziny odjazdu &hellip; <a href=\"https:\/\/judo.btc.pl\/?p=1426\">Czytaj dalej <span class=\"meta-nav\">&rarr;<\/span><\/a><\/p>\n","protected":false},"author":1,"featured_media":0,"comment_status":"closed","ping_status":"closed","sticky":false,"template":"","format":"standard","meta":{"footnotes":""},"categories":[1,4],"tags":[],"class_list":["post-1426","post","type-post","status-publish","format-standard","hentry","category-bez-kategorii","category-obozy"],"_links":{"self":[{"href":"https:\/\/judo.btc.pl\/index.php?rest_route=\/wp\/v2\/posts\/1426"}],"collection":[{"href":"https:\/\/judo.btc.pl\/index.php?rest_route=\/wp\/v2\/posts"}],"about":[{"href":"https:\/\/judo.btc.pl\/index.php?rest_route=\/wp\/v2\/types\/post"}],"author":[{"embeddable":true,"href":"https:\/\/judo.btc.pl\/index.php?rest_route=\/wp\/v2\/users\/1"}],"replies":[{"embeddable":true,"href":"https:\/\/judo.btc.pl\/index.php?rest_route=%2Fwp%2Fv2%2Fcomments&post=1426"}],"version-history":[{"count":5,"href":"https:\/\/judo.btc.pl\/index.php?rest_route=\/wp\/v2\/posts\/1426\/revisions"}],"predecessor-version":[{"id":1432,"href":"https:\/\/judo.btc.pl\/index.php?rest_route=\/wp\/v2\/posts\/1426\/revisions\/1432"}],"wp:attachment":[{"href":"https:\/\/judo.btc.pl\/index.php?rest_route=%2Fwp%2Fv2%2Fmedia&parent=1426"}],"wp:term":[{"taxonomy":"category","embeddable":true,"href":"https:\/\/judo.btc.pl\/index.php?rest_route=%2Fwp%2Fv2%2Fcategories&post=1426"},{"taxonomy":"post_tag","embeddable":true,"href":"https:\/\/judo.btc.pl\/index.php?rest_route=%2Fwp%2Fv2%2Ftags&post=1426"}],"curies":[{"name":"wp","href":"https:\/\/api.w.org\/{rel}","templated":true}]}}