{"id":1412,"date":"2023-03-20T12:30:23","date_gmt":"2023-03-20T11:30:23","guid":{"rendered":"http:\/\/judo.btc.pl\/?p=1412"},"modified":"2023-03-20T12:30:23","modified_gmt":"2023-03-20T11:30:23","slug":"sakanoc-nocowanie-i-zabawy-integracyjne-w-klubie","status":"publish","type":"post","link":"https:\/\/judo.btc.pl\/?p=1412","title":{"rendered":"SAKANOC &#8211; nocowanie i zabawy integracyjne w klubie"},"content":{"rendered":"<p>Nocowanie i zabawy integracyjne w klubie<br \/>\nz pi\u0105tku na sobot\u0119 12-13 maja dla dzieci z rocznika 2010 i starszych<br \/>\n26-27 maja dla dzieci z rocznik\u00f3w 2017-2011<\/p>\n<p><a href=\"http:\/\/judo.btc.pl\/wp-content\/uploads\/2023\/03\/IMG_20220705_092006.jpg\"><img loading=\"lazy\" decoding=\"async\" class=\"alignleft size-thumbnail wp-image-1397\" src=\"http:\/\/judo.btc.pl\/wp-content\/uploads\/2023\/03\/IMG_20220705_092006-150x150.jpg\" alt=\"IMG_20220705_092006\" width=\"150\" height=\"150\" \/><\/a><br \/>\n<strong>PROGRAM:<\/strong><br \/>\n17,15; 18,05; 18,55 \u2013 przyj\u015bcie do klubu<br \/>\nna trening swojej grupy wiekowej<br \/>\n20 \u2013 GOFROWE SZALE\u0143STWO wyr\u00f3b gofr\u00f3w z d\u017cemem, czekolad\u0105, cukrem pudrem i owocami (je\u017celi kto\u015b ma inne potrzeby \u017cywieniowe przynosi w\u0142asn\u0105 kolacj\u0119)<br \/>\n20,30 \u2013 zabawy integracyjne<br \/>\n21 \u2013 toaleta wieczorna<br \/>\n21,30 \u2013 projekcja filmu (gotowi do spania w \u015bpiworach lub kocykach \u2013 nale\u017cy zabra\u0107 z domu)<br \/>\n8 \u2013 \u015bniadanie \u2013 s\u0142odka bu\u0142ka i jogurt (je\u017celi kto\u015b ma inne potrzeby \u017cywieniowe przynosi w\u0142asne \u015bniadanie)<br \/>\n9 \u2013 zabawy integracyjne<br \/>\n10 \u2013 zako\u0144czenie \u2013 powr\u00f3t do domu<br \/>\nKoszt uczestnictwa: 80 z\u0142<\/p>\n","protected":false},"excerpt":{"rendered":"<p>Nocowanie i zabawy integracyjne w klubie z pi\u0105tku na sobot\u0119 12-13 maja dla dzieci z rocznika 2010 i starszych 26-27 maja dla dzieci z rocznik\u00f3w 2017-2011 PROGRAM: 17,15; 18,05; 18,55 \u2013 przyj\u015bcie do klubu na trening swojej grupy wiekowej 20 &hellip; <a href=\"https:\/\/judo.btc.pl\/?p=1412\">Czytaj dalej <span class=\"meta-nav\">&rarr;<\/span><\/a><\/p>\n","protected":false},"author":1,"featured_media":0,"comment_status":"closed","ping_status":"closed","sticky":false,"template":"","format":"standard","meta":{"footnotes":""},"categories":[1],"tags":[],"class_list":["post-1412","post","type-post","status-publish","format-standard","hentry","category-bez-kategorii"],"_links":{"self":[{"href":"https:\/\/judo.btc.pl\/index.php?rest_route=\/wp\/v2\/posts\/1412"}],"collection":[{"href":"https:\/\/judo.btc.pl\/index.php?rest_route=\/wp\/v2\/posts"}],"about":[{"href":"https:\/\/judo.btc.pl\/index.php?rest_route=\/wp\/v2\/types\/post"}],"author":[{"embeddable":true,"href":"https:\/\/judo.btc.pl\/index.php?rest_route=\/wp\/v2\/users\/1"}],"replies":[{"embeddable":true,"href":"https:\/\/judo.btc.pl\/index.php?rest_route=%2Fwp%2Fv2%2Fcomments&post=1412"}],"version-history":[{"count":1,"href":"https:\/\/judo.btc.pl\/index.php?rest_route=\/wp\/v2\/posts\/1412\/revisions"}],"predecessor-version":[{"id":1413,"href":"https:\/\/judo.btc.pl\/index.php?rest_route=\/wp\/v2\/posts\/1412\/revisions\/1413"}],"wp:attachment":[{"href":"https:\/\/judo.btc.pl\/index.php?rest_route=%2Fwp%2Fv2%2Fmedia&parent=1412"}],"wp:term":[{"taxonomy":"category","embeddable":true,"href":"https:\/\/judo.btc.pl\/index.php?rest_route=%2Fwp%2Fv2%2Fcategories&post=1412"},{"taxonomy":"post_tag","embeddable":true,"href":"https:\/\/judo.btc.pl\/index.php?rest_route=%2Fwp%2Fv2%2Ftags&post=1412"}],"curies":[{"name":"wp","href":"https:\/\/api.w.org\/{rel}","templated":true}]}}