{"id":1221,"date":"2022-01-14T09:55:46","date_gmt":"2022-01-14T08:55:46","guid":{"rendered":"http:\/\/judo.btc.pl\/?p=1221"},"modified":"2022-02-02T15:37:19","modified_gmt":"2022-02-02T14:37:19","slug":"sakana-judo-camp-oboz-dochodzeniowy-zima-2022","status":"publish","type":"post","link":"https:\/\/judo.btc.pl\/?p=1221","title":{"rendered":"ODWO\u0141ANY SAKANA JUDO CAMP &#8211; ob\u00f3z dochodzeniowy zima 2022"},"content":{"rendered":"<p><strong>III SAKANA JUDO CAMP<\/strong><\/p>\n<p><strong>Zapraszamy do skorzystania z oferty zimowego Campu dla zawodnik\u00f3w sekcji judo i gimnastyki.<\/strong><\/p>\n<p><a href=\"http:\/\/judo.btc.pl\/wp-content\/uploads\/2022\/01\/IMG_20210628_140051.jpg\"><img loading=\"lazy\" decoding=\"async\" class=\"alignleft size-thumbnail wp-image-1222\" src=\"http:\/\/judo.btc.pl\/wp-content\/uploads\/2022\/01\/IMG_20210628_140051-150x150.jpg\" alt=\"IMG_20210628_140051\" width=\"150\" height=\"150\" \/><\/a> <a href=\"http:\/\/judo.btc.pl\/wp-content\/uploads\/2022\/01\/IMG_20210628_143342.jpg\"><img loading=\"lazy\" decoding=\"async\" class=\"alignleft size-thumbnail wp-image-1223\" src=\"http:\/\/judo.btc.pl\/wp-content\/uploads\/2022\/01\/IMG_20210628_143342-150x150.jpg\" alt=\"IMG_20210628_143342\" width=\"150\" height=\"150\" \/><\/a> <a href=\"http:\/\/judo.btc.pl\/wp-content\/uploads\/2022\/01\/Zrzut-ekranu-8.png\"><img loading=\"lazy\" decoding=\"async\" class=\"alignleft size-thumbnail wp-image-1224\" src=\"http:\/\/judo.btc.pl\/wp-content\/uploads\/2022\/01\/Zrzut-ekranu-8-150x150.png\" alt=\"Zrzut ekranu (8)\" width=\"150\" height=\"150\" \/><\/a> <a href=\"http:\/\/judo.btc.pl\/wp-content\/uploads\/2022\/01\/IMG_20210104_144953.jpg\"><img loading=\"lazy\" decoding=\"async\" class=\"alignleft size-thumbnail wp-image-1225\" src=\"http:\/\/judo.btc.pl\/wp-content\/uploads\/2022\/01\/IMG_20210104_144953-150x150.jpg\" alt=\"IMG_20210104_144953\" width=\"150\" height=\"150\" \/><\/a> <a href=\"http:\/\/judo.btc.pl\/wp-content\/uploads\/2022\/01\/IMG_20210108_143852.jpg\"><img loading=\"lazy\" decoding=\"async\" class=\"alignleft size-thumbnail wp-image-1226\" src=\"http:\/\/judo.btc.pl\/wp-content\/uploads\/2022\/01\/IMG_20210108_143852-150x150.jpg\" alt=\"IMG_20210108_143852\" width=\"150\" height=\"150\" \/><\/a> <a href=\"http:\/\/judo.btc.pl\/wp-content\/uploads\/2022\/01\/IMG_20210628_092937.jpg\"><img loading=\"lazy\" decoding=\"async\" class=\"alignleft size-thumbnail wp-image-1227\" src=\"http:\/\/judo.btc.pl\/wp-content\/uploads\/2022\/01\/IMG_20210628_092937-150x150.jpg\" alt=\"IMG_20210628_092937\" width=\"150\" height=\"150\" \/><\/a><\/p>\n<p>&nbsp;<\/p>\n<p>&nbsp;<\/p>\n<p>&nbsp;<\/p>\n<p>&nbsp;<\/p>\n<p>&nbsp;<\/p>\n<p>&nbsp;<\/p>\n<p>&nbsp;<\/p>\n<p>&nbsp;<\/p>\n<p>&nbsp;<\/p>\n<p><strong>W terminie <em>7 \u2013 11 lutego 2022<\/em> roku w Sali Judo naszego klubu zostan\u0105 zorganizowane zaj\u0119cia sportowe, kulturalne i artystyczne z mo\u017cliwo\u015bci\u0105 ca\u0142odziennego pobytu zawodnik\u00f3w pod opiek\u0105 trener\u00f3w i instruktor\u00f3w.<\/strong><\/p>\n<table>\n<tbody>\n<tr>\n<td width=\"465\"><strong>7 \u2013 11 lutego 2022 r.:<\/strong><\/p>\n<p><strong>8 \u2013 8,30 \u2013 czas organizacyjny \u2013 przyj\u015bcie do klubu<\/strong><\/p>\n<p><strong>9 \u2013 pocz\u0119stunek (s\u0142odka bu\u0142ka, jogurt)<\/strong><\/p>\n<p><strong>10 \u2013 trening<\/strong><\/p>\n<p><strong>12 \u2013 toaleta, odpoczynek, gry<\/strong><\/p>\n<p><strong>13 \u2013 obiad (catering)<\/strong><\/p>\n<p><strong>14 \u2013 atrakcje \u2013 wycieczki (z katalogu poni\u017cej)<\/strong><\/p>\n<p><strong>16 &#8211; 16,30 \u2013 zako\u0144czenie &#8211; powr\u00f3t do domu<\/strong><\/td>\n<\/tr>\n<tr>\n<td width=\"465\"><strong>ATRAKCJE <\/strong><strong>\u2013 <\/strong><strong>wycieczki<\/strong> <strong>(<\/strong><strong>zale\u017cy od dost\u0119pno\u015bci<\/strong><strong>)<\/strong><\/p>\n<p><strong>1.\u00a0\u00a0 <\/strong><strong>P\u0142ywalnia Wodne Piaski;<\/strong><\/p>\n<p><strong>2.\u00a0\u00a0 <\/strong><strong>Centrum wspinaczkowe <\/strong><strong>7LEVEL<\/strong><strong>;<\/strong><\/p>\n<p><strong>3.\u00a0\u00a0\u00a0 <\/strong><strong>Strzelnica laserowa <\/strong><strong>LASER-WAR;<\/strong><\/p>\n<p><strong>4.\u00a0\u00a0 <\/strong><strong>Lodowisko;<\/strong><\/p>\n<p><strong>5.\u00a0\u00a0 <\/strong><strong>Szkolenie z pierwszej pomocy ratowniczej;<\/strong><\/p>\n<p><strong>6.\u00a0\u00a0 <\/strong><strong>Gry Kinect.<\/strong><\/td>\n<\/tr>\n<\/tbody>\n<\/table>\n<p><strong>Ch\u0119tnych (od 6 lat) prosimy o zapisywanie si\u0119 i wp\u0142at\u0119 zaliczki (200z\u0142) do 25 stycznia br. (liczba miejsc ograniczona). <\/strong><\/p>\n<p><strong>Koszt: 650 z\u0142 <\/strong><strong>(cena obejmuje: pocz\u0119stunek, obiad, wej\u015bcia na obiekty, wszystkie materia\u0142y i opiek\u0119 instruktor\u00f3w)<\/strong><\/p>\n<p><strong>Konto KS SAKANA<\/strong><strong>: 10 1020 1026 0000 1602 0458 5453<\/strong><\/p>\n<p><strong>KONTAKT Z TRENEREM: Jacek Ku\u017ami\u0144ski tel.: 600 051\u00a0061<\/strong><\/p>\n<p><strong><u><a href=\"http:\/\/www.judo-legionowo.pl\">www.judo-legionowo.pl<\/a><\/u><\/strong><\/p>\n","protected":false},"excerpt":{"rendered":"<p>III SAKANA JUDO CAMP Zapraszamy do skorzystania z oferty zimowego Campu dla zawodnik\u00f3w sekcji judo i gimnastyki. &nbsp; &nbsp; &nbsp; &nbsp; &nbsp; &nbsp; &nbsp; &nbsp; &nbsp; W terminie 7 \u2013 11 lutego 2022 roku w Sali Judo naszego klubu zostan\u0105 &hellip; <a href=\"https:\/\/judo.btc.pl\/?p=1221\">Czytaj dalej <span class=\"meta-nav\">&rarr;<\/span><\/a><\/p>\n","protected":false},"author":1,"featured_media":0,"comment_status":"closed","ping_status":"closed","sticky":false,"template":"","format":"standard","meta":{"footnotes":""},"categories":[1,4],"tags":[],"class_list":["post-1221","post","type-post","status-publish","format-standard","hentry","category-bez-kategorii","category-obozy"],"_links":{"self":[{"href":"https:\/\/judo.btc.pl\/index.php?rest_route=\/wp\/v2\/posts\/1221"}],"collection":[{"href":"https:\/\/judo.btc.pl\/index.php?rest_route=\/wp\/v2\/posts"}],"about":[{"href":"https:\/\/judo.btc.pl\/index.php?rest_route=\/wp\/v2\/types\/post"}],"author":[{"embeddable":true,"href":"https:\/\/judo.btc.pl\/index.php?rest_route=\/wp\/v2\/users\/1"}],"replies":[{"embeddable":true,"href":"https:\/\/judo.btc.pl\/index.php?rest_route=%2Fwp%2Fv2%2Fcomments&post=1221"}],"version-history":[{"count":2,"href":"https:\/\/judo.btc.pl\/index.php?rest_route=\/wp\/v2\/posts\/1221\/revisions"}],"predecessor-version":[{"id":1234,"href":"https:\/\/judo.btc.pl\/index.php?rest_route=\/wp\/v2\/posts\/1221\/revisions\/1234"}],"wp:attachment":[{"href":"https:\/\/judo.btc.pl\/index.php?rest_route=%2Fwp%2Fv2%2Fmedia&parent=1221"}],"wp:term":[{"taxonomy":"category","embeddable":true,"href":"https:\/\/judo.btc.pl\/index.php?rest_route=%2Fwp%2Fv2%2Fcategories&post=1221"},{"taxonomy":"post_tag","embeddable":true,"href":"https:\/\/judo.btc.pl\/index.php?rest_route=%2Fwp%2Fv2%2Ftags&post=1221"}],"curies":[{"name":"wp","href":"https:\/\/api.w.org\/{rel}","templated":true}]}}